{"id":46130,"date":"2019-02-15T19:54:42","date_gmt":"2019-02-16T00:54:42","guid":{"rendered":"\/?p=46130"},"modified":"2019-02-15T19:54:42","modified_gmt":"2019-02-16T00:54:42","slug":"degel-du-printemps-2019","status":"publish","type":"post","link":"https:\/\/www.livingstonintl.com\/fr\/degel-du-printemps-2019\/","title":{"rendered":"D\u00e9gel du printemps, 2019"},"content":{"rendered":"<p>Chaque ann\u00e9e, un certain nombre de provinces canadiennes appliquent un r\u00e8glement de \u00ab\u00a0d\u00e9gel du printemps\u00a0\u00bb, imposant des restrictions sur les charges des remorques afin de prot\u00e9ger les routes contre les dommages importants \u00e0 un moment de l\u2019ann\u00e9e o\u00f9 les routes sont les plus vuln\u00e9rables aux dommages caus\u00e9s par l\u2019humidit\u00e9.<\/p>\n<p>Les restrictions peuvent varier entre 8\u00a0% et 20\u00a0% selon le type d\u2019essieu et la configuration du v\u00e9hicule.<\/p>\n<p>Pour plus d\u2019informations sur la p\u00e9riode de d\u00e9gel et les restrictions de poids de chaque province, veuillez visiter les sites suivants\u00a0:<\/p>\n<ul>\n<li><a href=\"http:\/\/www.transportation.alberta.ca\/522.htm\" target=\"_blank\" rel=\"noopener\">Alberta<\/a><\/li>\n<li><a href=\"http:\/\/www.th.gov.bc.ca\/bchighways\/loadrestrictions\/loadrestrictions.htm\" target=\"_blank\" rel=\"noopener\">Colombie-Britannique<\/a><\/li>\n<li><a href=\"https:\/\/www.gov.mb.ca\/mit\/srr\/\" target=\"_blank\" rel=\"noopener\">Manitoba<\/a><\/li>\n<li><a href=\"http:\/\/www2.gnb.ca\/content\/gnb\/en\/departments\/dti\/trucking\/content\/spring_weight_restrictions.html\" target=\"_blank\" rel=\"noopener\">Nouveau-Brunswick<\/a><\/li>\n<li><a href=\"https:\/\/novascotia.ca\/news\/release\/?id=20180223001\" target=\"_blank\" rel=\"noopener\">Nouvelle-\u00c9cosse<\/a><\/li>\n<li><a href=\"http:\/\/www.mto.gov.on.ca\/english\/trucks\/load-restrictions.shtml\" target=\"_blank\" rel=\"noopener\">Ontario<\/a><\/li>\n<li><a href=\"https:\/\/www.transports.gouv.qc.ca\/fr\/entreprises-partenaires\/ent-camionnage\/degel\/Pages\/Periode-de-degel.aspx\" target=\"_blank\" rel=\"noopener\">Qu\u00e9bec<\/a><\/li>\n<li><a href=\"https:\/\/www.saskatchewan.ca\/government\/news-and-media\/2017\/february\/22\/winter-weights\" target=\"_blank\" rel=\"noopener\">Saskatchewan<\/a><\/li>\n<\/ul>\n","protected":false},"excerpt":{"rendered":"<p>Chaque ann\u00e9e, un certain nombre de provinces canadiennes appliquent un r\u00e8glement de \u00ab\u00a0d\u00e9gel du printemps\u00a0\u00bb, imposant des restrictions sur les charges des remorques afin de prot\u00e9ger les routes contre les dommages importants \u00e0 un moment de l\u2019ann\u00e9e o\u00f9 les routes sont les plus vuln\u00e9rables aux dommages caus\u00e9s par l\u2019humidit\u00e9. Les restrictions peuvent varier entre 8\u00a0%<a class=\"excerpt-read-more\" href=\"https:\/\/www.livingstonintl.com\/fr\/degel-du-printemps-2019\/\" title=\"ReadD\u00e9gel du printemps, 2019\">&#8230; Read more &raquo;<\/a><\/p>\n","protected":false},"author":13,"featured_media":42311,"comment_status":"closed","ping_status":"closed","sticky":false,"template":"","format":"standard","meta":{"_acf_changed":false,"footnotes":""},"categories":[1328,174,1266,7],"class_list":["post-46130","post","type-post","status-publish","format-standard","has-post-thumbnail","hentry","category-plus-de-nouvelles","category-nouvelles-de-la-reglementation-canadienne","category-freight-transportation-updates-fr","category-non-classifiee"],"acf":[],"yoast_head":"<!-- This site is optimized with the Yoast SEO plugin v27.2 - https:\/\/yoast.com\/product\/yoast-seo-wordpress\/ -->\n<title>D\u00e9gel du printemps, 2019 - Livingston International<\/title>\n<meta name=\"robots\" content=\"index, follow, max-snippet:-1, max-image-preview:large, max-video-preview:-1\" \/>\n<link rel=\"canonical\" href=\"https:\/\/www.livingstonintl.com\/fr\/degel-du-printemps-2019\/\" \/>\n<meta property=\"og:locale\" content=\"fr_FR\" \/>\n<meta property=\"og:type\" content=\"article\" \/>\n<meta property=\"og:title\" content=\"D\u00e9gel du printemps, 2019 - Livingston International\" \/>\n<meta property=\"og:description\" content=\"Chaque ann\u00e9e, un certain nombre de provinces canadiennes appliquent un r\u00e8glement de \u00ab\u00a0d\u00e9gel du printemps\u00a0\u00bb, imposant des restrictions sur les charges des remorques afin de prot\u00e9ger les routes contre les dommages importants \u00e0 un moment de l\u2019ann\u00e9e o\u00f9 les routes sont les plus vuln\u00e9rables aux dommages caus\u00e9s par l\u2019humidit\u00e9. Les restrictions peuvent varier entre 8\u00a0%... Read more &raquo;\" \/>\n<meta property=\"og:url\" content=\"https:\/\/www.livingstonintl.com\/fr\/degel-du-printemps-2019\/\" \/>\n<meta property=\"og:site_name\" content=\"Livingston International\" \/>\n<meta property=\"article:publisher\" content=\"https:\/\/www.facebook.com\/livingstoninternational\" \/>\n<meta property=\"article:published_time\" content=\"2019-02-16T00:54:42+00:00\" \/>\n<meta property=\"og:image\" content=\"https:\/\/cdn.livingstonintl.com\/livingston-content\/uploads\/2018\/05\/25225808\/Freight.jpg\" \/>\n\t<meta property=\"og:image:width\" content=\"640\" \/>\n\t<meta property=\"og:image:height\" content=\"426\" \/>\n\t<meta property=\"og:image:type\" content=\"image\/jpeg\" \/>\n<meta name=\"author\" content=\"Vera\" \/>\n<meta name=\"twitter:label1\" content=\"\u00c9crit par\" \/>\n\t<meta name=\"twitter:data1\" content=\"Vera\" \/>\n\t<meta name=\"twitter:label2\" content=\"Dur\u00e9e de lecture estim\u00e9e\" \/>\n\t<meta name=\"twitter:data2\" content=\"1 minute\" \/>\n<script type=\"application\/ld+json\" class=\"yoast-schema-graph\">{\"@context\":\"https:\/\/schema.org\",\"@graph\":[{\"@type\":\"Article\",\"@id\":\"https:\/\/www.livingstonintl.com\/fr\/degel-du-printemps-2019\/#article\",\"isPartOf\":{\"@id\":\"https:\/\/www.livingstonintl.com\/fr\/degel-du-printemps-2019\/\"},\"author\":{\"name\":\"Vera\",\"@id\":\"https:\/\/www.livingstonintl.com\/fr\/#\/schema\/person\/e7e9ad17616653d6860f6f34f99b0f60\"},\"headline\":\"D\u00e9gel du printemps, 2019\",\"datePublished\":\"2019-02-16T00:54:42+00:00\",\"mainEntityOfPage\":{\"@id\":\"https:\/\/www.livingstonintl.com\/fr\/degel-du-printemps-2019\/\"},\"wordCount\":112,\"publisher\":{\"@id\":\"https:\/\/www.livingstonintl.com\/fr\/#organization\"},\"image\":{\"@id\":\"https:\/\/www.livingstonintl.com\/fr\/degel-du-printemps-2019\/#primaryimage\"},\"thumbnailUrl\":\"https:\/\/cdn.livingstonintl.com\/livingston-content\/uploads\/2018\/05\/25225808\/Freight.jpg\",\"keywords\":[\"featured\",\"featuredAll\"],\"articleSection\":[\"Plus de nouvelles\",\"Nouvelles de la r\u00e9glementation canadienne\",\"Nouvelles du fret et du transport\",\"Non classifi\u00e9(e)\"],\"inLanguage\":\"fr-FR\"},{\"@type\":\"WebPage\",\"@id\":\"https:\/\/www.livingstonintl.com\/fr\/degel-du-printemps-2019\/\",\"url\":\"https:\/\/www.livingstonintl.com\/fr\/degel-du-printemps-2019\/\",\"name\":\"D\u00e9gel du printemps, 2019 - Livingston International\",\"isPartOf\":{\"@id\":\"https:\/\/www.livingstonintl.com\/fr\/#website\"},\"primaryImageOfPage\":{\"@id\":\"https:\/\/www.livingstonintl.com\/fr\/degel-du-printemps-2019\/#primaryimage\"},\"image\":{\"@id\":\"https:\/\/www.livingstonintl.com\/fr\/degel-du-printemps-2019\/#primaryimage\"},\"thumbnailUrl\":\"https:\/\/cdn.livingstonintl.com\/livingston-content\/uploads\/2018\/05\/25225808\/Freight.jpg\",\"datePublished\":\"2019-02-16T00:54:42+00:00\",\"breadcrumb\":{\"@id\":\"https:\/\/www.livingstonintl.com\/fr\/degel-du-printemps-2019\/#breadcrumb\"},\"inLanguage\":\"fr-FR\",\"potentialAction\":[{\"@type\":\"ReadAction\",\"target\":[\"https:\/\/www.livingstonintl.com\/fr\/degel-du-printemps-2019\/\"]}]},{\"@type\":\"ImageObject\",\"inLanguage\":\"fr-FR\",\"@id\":\"https:\/\/www.livingstonintl.com\/fr\/degel-du-printemps-2019\/#primaryimage\",\"url\":\"https:\/\/cdn.livingstonintl.com\/livingston-content\/uploads\/2018\/05\/25225808\/Freight.jpg\",\"contentUrl\":\"https:\/\/cdn.livingstonintl.com\/livingston-content\/uploads\/2018\/05\/25225808\/Freight.jpg\",\"width\":640,\"height\":426},{\"@type\":\"BreadcrumbList\",\"@id\":\"https:\/\/www.livingstonintl.com\/fr\/degel-du-printemps-2019\/#breadcrumb\",\"itemListElement\":[{\"@type\":\"ListItem\",\"position\":1,\"name\":\"Accueil\",\"item\":\"https:\/\/www.livingstonintl.com\/fr\/\"},{\"@type\":\"ListItem\",\"position\":2,\"name\":\"D\u00e9gel du printemps, 2019\"}]},{\"@type\":\"WebSite\",\"@id\":\"https:\/\/www.livingstonintl.com\/fr\/#website\",\"url\":\"https:\/\/www.livingstonintl.com\/fr\/\",\"name\":\"Livingston International\",\"description\":\"Simplify Trade\",\"publisher\":{\"@id\":\"https:\/\/www.livingstonintl.com\/fr\/#organization\"},\"potentialAction\":[{\"@type\":\"SearchAction\",\"target\":{\"@type\":\"EntryPoint\",\"urlTemplate\":\"https:\/\/www.livingstonintl.com\/fr\/?s={search_term_string}\"},\"query-input\":{\"@type\":\"PropertyValueSpecification\",\"valueRequired\":true,\"valueName\":\"search_term_string\"}}],\"inLanguage\":\"fr-FR\"},{\"@type\":\"Organization\",\"@id\":\"https:\/\/www.livingstonintl.com\/fr\/#organization\",\"name\":\"Livingston International\",\"url\":\"https:\/\/www.livingstonintl.com\/fr\/\",\"logo\":{\"@type\":\"ImageObject\",\"inLanguage\":\"fr-FR\",\"@id\":\"https:\/\/www.livingstonintl.com\/fr\/#\/schema\/logo\/image\/\",\"url\":\"https:\/\/cdn.livingstonintl.com\/livingston-content\/uploads\/2022\/09\/12163235\/2022-livingston-fb.jpg\",\"contentUrl\":\"https:\/\/cdn.livingstonintl.com\/livingston-content\/uploads\/2022\/09\/12163235\/2022-livingston-fb.jpg\",\"width\":1200,\"height\":630,\"caption\":\"Livingston International\"},\"image\":{\"@id\":\"https:\/\/www.livingstonintl.com\/fr\/#\/schema\/logo\/image\/\"},\"sameAs\":[\"https:\/\/www.facebook.com\/livingstoninternational\",\"https:\/\/x.com\/livingston_intl\",\"https:\/\/linkedin.com\/company\/livingston-international\"]},{\"@type\":\"Person\",\"@id\":\"https:\/\/www.livingstonintl.com\/fr\/#\/schema\/person\/e7e9ad17616653d6860f6f34f99b0f60\",\"name\":\"Vera\",\"image\":{\"@type\":\"ImageObject\",\"inLanguage\":\"fr-FR\",\"@id\":\"https:\/\/secure.gravatar.com\/avatar\/0adf2ee64f9547873cc545fbefac1597d3e2ee9515c7722be0566f8acacbcf00?s=96&d=mm&r=g\",\"url\":\"https:\/\/secure.gravatar.com\/avatar\/0adf2ee64f9547873cc545fbefac1597d3e2ee9515c7722be0566f8acacbcf00?s=96&d=mm&r=g\",\"contentUrl\":\"https:\/\/secure.gravatar.com\/avatar\/0adf2ee64f9547873cc545fbefac1597d3e2ee9515c7722be0566f8acacbcf00?s=96&d=mm&r=g\",\"caption\":\"Vera\"}}]}<\/script>\n<!-- \/ Yoast SEO plugin. -->","yoast_head_json":{"title":"D\u00e9gel du printemps, 2019 - Livingston International","robots":{"index":"index","follow":"follow","max-snippet":"max-snippet:-1","max-image-preview":"max-image-preview:large","max-video-preview":"max-video-preview:-1"},"canonical":"https:\/\/www.livingstonintl.com\/fr\/degel-du-printemps-2019\/","og_locale":"fr_FR","og_type":"article","og_title":"D\u00e9gel du printemps, 2019 - Livingston International","og_description":"Chaque ann\u00e9e, un certain nombre de provinces canadiennes appliquent un r\u00e8glement de \u00ab\u00a0d\u00e9gel du printemps\u00a0\u00bb, imposant des restrictions sur les charges des remorques afin de prot\u00e9ger les routes contre les dommages importants \u00e0 un moment de l\u2019ann\u00e9e o\u00f9 les routes sont les plus vuln\u00e9rables aux dommages caus\u00e9s par l\u2019humidit\u00e9. Les restrictions peuvent varier entre 8\u00a0%... Read more &raquo;","og_url":"https:\/\/www.livingstonintl.com\/fr\/degel-du-printemps-2019\/","og_site_name":"Livingston International","article_publisher":"https:\/\/www.facebook.com\/livingstoninternational","article_published_time":"2019-02-16T00:54:42+00:00","og_image":[{"width":640,"height":426,"url":"https:\/\/cdn.livingstonintl.com\/livingston-content\/uploads\/2018\/05\/25225808\/Freight.jpg","type":"image\/jpeg"}],"author":"Vera","twitter_misc":{"\u00c9crit par":"Vera","Dur\u00e9e de lecture estim\u00e9e":"1 minute"},"schema":{"@context":"https:\/\/schema.org","@graph":[{"@type":"Article","@id":"https:\/\/www.livingstonintl.com\/fr\/degel-du-printemps-2019\/#article","isPartOf":{"@id":"https:\/\/www.livingstonintl.com\/fr\/degel-du-printemps-2019\/"},"author":{"name":"Vera","@id":"https:\/\/www.livingstonintl.com\/fr\/#\/schema\/person\/e7e9ad17616653d6860f6f34f99b0f60"},"headline":"D\u00e9gel du printemps, 2019","datePublished":"2019-02-16T00:54:42+00:00","mainEntityOfPage":{"@id":"https:\/\/www.livingstonintl.com\/fr\/degel-du-printemps-2019\/"},"wordCount":112,"publisher":{"@id":"https:\/\/www.livingstonintl.com\/fr\/#organization"},"image":{"@id":"https:\/\/www.livingstonintl.com\/fr\/degel-du-printemps-2019\/#primaryimage"},"thumbnailUrl":"https:\/\/cdn.livingstonintl.com\/livingston-content\/uploads\/2018\/05\/25225808\/Freight.jpg","keywords":["featured","featuredAll"],"articleSection":["Plus de nouvelles","Nouvelles de la r\u00e9glementation canadienne","Nouvelles du fret et du transport","Non classifi\u00e9(e)"],"inLanguage":"fr-FR"},{"@type":"WebPage","@id":"https:\/\/www.livingstonintl.com\/fr\/degel-du-printemps-2019\/","url":"https:\/\/www.livingstonintl.com\/fr\/degel-du-printemps-2019\/","name":"D\u00e9gel du printemps, 2019 - Livingston International","isPartOf":{"@id":"https:\/\/www.livingstonintl.com\/fr\/#website"},"primaryImageOfPage":{"@id":"https:\/\/www.livingstonintl.com\/fr\/degel-du-printemps-2019\/#primaryimage"},"image":{"@id":"https:\/\/www.livingstonintl.com\/fr\/degel-du-printemps-2019\/#primaryimage"},"thumbnailUrl":"https:\/\/cdn.livingstonintl.com\/livingston-content\/uploads\/2018\/05\/25225808\/Freight.jpg","datePublished":"2019-02-16T00:54:42+00:00","breadcrumb":{"@id":"https:\/\/www.livingstonintl.com\/fr\/degel-du-printemps-2019\/#breadcrumb"},"inLanguage":"fr-FR","potentialAction":[{"@type":"ReadAction","target":["https:\/\/www.livingstonintl.com\/fr\/degel-du-printemps-2019\/"]}]},{"@type":"ImageObject","inLanguage":"fr-FR","@id":"https:\/\/www.livingstonintl.com\/fr\/degel-du-printemps-2019\/#primaryimage","url":"https:\/\/cdn.livingstonintl.com\/livingston-content\/uploads\/2018\/05\/25225808\/Freight.jpg","contentUrl":"https:\/\/cdn.livingstonintl.com\/livingston-content\/uploads\/2018\/05\/25225808\/Freight.jpg","width":640,"height":426},{"@type":"BreadcrumbList","@id":"https:\/\/www.livingstonintl.com\/fr\/degel-du-printemps-2019\/#breadcrumb","itemListElement":[{"@type":"ListItem","position":1,"name":"Accueil","item":"https:\/\/www.livingstonintl.com\/fr\/"},{"@type":"ListItem","position":2,"name":"D\u00e9gel du printemps, 2019"}]},{"@type":"WebSite","@id":"https:\/\/www.livingstonintl.com\/fr\/#website","url":"https:\/\/www.livingstonintl.com\/fr\/","name":"Livingston International","description":"Simplify Trade","publisher":{"@id":"https:\/\/www.livingstonintl.com\/fr\/#organization"},"potentialAction":[{"@type":"SearchAction","target":{"@type":"EntryPoint","urlTemplate":"https:\/\/www.livingstonintl.com\/fr\/?s={search_term_string}"},"query-input":{"@type":"PropertyValueSpecification","valueRequired":true,"valueName":"search_term_string"}}],"inLanguage":"fr-FR"},{"@type":"Organization","@id":"https:\/\/www.livingstonintl.com\/fr\/#organization","name":"Livingston International","url":"https:\/\/www.livingstonintl.com\/fr\/","logo":{"@type":"ImageObject","inLanguage":"fr-FR","@id":"https:\/\/www.livingstonintl.com\/fr\/#\/schema\/logo\/image\/","url":"https:\/\/cdn.livingstonintl.com\/livingston-content\/uploads\/2022\/09\/12163235\/2022-livingston-fb.jpg","contentUrl":"https:\/\/cdn.livingstonintl.com\/livingston-content\/uploads\/2022\/09\/12163235\/2022-livingston-fb.jpg","width":1200,"height":630,"caption":"Livingston International"},"image":{"@id":"https:\/\/www.livingstonintl.com\/fr\/#\/schema\/logo\/image\/"},"sameAs":["https:\/\/www.facebook.com\/livingstoninternational","https:\/\/x.com\/livingston_intl","https:\/\/linkedin.com\/company\/livingston-international"]},{"@type":"Person","@id":"https:\/\/www.livingstonintl.com\/fr\/#\/schema\/person\/e7e9ad17616653d6860f6f34f99b0f60","name":"Vera","image":{"@type":"ImageObject","inLanguage":"fr-FR","@id":"https:\/\/secure.gravatar.com\/avatar\/0adf2ee64f9547873cc545fbefac1597d3e2ee9515c7722be0566f8acacbcf00?s=96&d=mm&r=g","url":"https:\/\/secure.gravatar.com\/avatar\/0adf2ee64f9547873cc545fbefac1597d3e2ee9515c7722be0566f8acacbcf00?s=96&d=mm&r=g","contentUrl":"https:\/\/secure.gravatar.com\/avatar\/0adf2ee64f9547873cc545fbefac1597d3e2ee9515c7722be0566f8acacbcf00?s=96&d=mm&r=g","caption":"Vera"}}]}},"_links":{"self":[{"href":"https:\/\/wp.livingstonintl.com\/fr\/wp-json\/wp\/v2\/posts\/46130","targetHints":{"allow":["GET"]}}],"collection":[{"href":"https:\/\/wp.livingstonintl.com\/fr\/wp-json\/wp\/v2\/posts"}],"about":[{"href":"https:\/\/wp.livingstonintl.com\/fr\/wp-json\/wp\/v2\/types\/post"}],"author":[{"embeddable":true,"href":"https:\/\/wp.livingstonintl.com\/fr\/wp-json\/wp\/v2\/users\/13"}],"replies":[{"embeddable":true,"href":"https:\/\/wp.livingstonintl.com\/fr\/wp-json\/wp\/v2\/comments?post=46130"}],"version-history":[{"count":0,"href":"https:\/\/wp.livingstonintl.com\/fr\/wp-json\/wp\/v2\/posts\/46130\/revisions"}],"wp:featuredmedia":[{"embeddable":true,"href":"https:\/\/wp.livingstonintl.com\/fr\/wp-json\/wp\/v2\/media\/42311"}],"wp:attachment":[{"href":"https:\/\/wp.livingstonintl.com\/fr\/wp-json\/wp\/v2\/media?parent=46130"}],"wp:term":[{"taxonomy":"category","embeddable":true,"href":"https:\/\/wp.livingstonintl.com\/fr\/wp-json\/wp\/v2\/categories?post=46130"}],"curies":[{"name":"wp","href":"https:\/\/api.w.org\/{rel}","templated":true}]}}